{"id":2977,"date":"2024-09-13T23:30:24","date_gmt":"2024-09-13T21:30:24","guid":{"rendered":"https:\/\/www.acdhh.de\/?p=2977"},"modified":"2024-09-14T00:55:05","modified_gmt":"2024-09-13T22:55:05","slug":"invitacion-a-la-fiesta-del-dia-de-muertos-2024","status":"publish","type":"post","link":"https:\/\/www.acdhh.de\/?p=2977","title":{"rendered":"\u00abInvitaci\u00f3n a la Fiesta del D\u00eda de Muertos 2024\u00bb"},"content":{"rendered":"\n<p>\u00a1La Asociaci\u00f3n celebra sus 15 a\u00f1os compartiendo cultura y tradici\u00f3n! Invitamos a toda la comunidad hispanohablante a unirse a nuestra Fiesta del D\u00eda de Muertos, una hermosa celebraci\u00f3n mexicana llena de color, recuerdos y alegr\u00eda.<\/p>\n\n\n\n<p>Ven a compartir esta tradici\u00f3n con nosotros, disfrutemos juntos de altares, m\u00fasica, comida y mucho m\u00e1s.<\/p>\n\n\n\n<p>\ud83d\udcc5 <strong>Fecha:<\/strong> 12-octubre-2024<br>\ud83d\udccd <strong>Lugar:<\/strong> Friesenstr. 19, 90441 N\u00fcrnberg, Sal\u00f3n Parroquial Iglesia de St. Wolfgang<br>\ud83d\udd50 <strong>Hora: <\/strong>13 -17 h<br>Entrada 5\u20ac (ni\u00f1os de 0 a 12 a\u00f1os entrada libre)<\/p>\n\n\n\n<p>\u00a1Los esperamos con los brazos abiertos para celebrar la vida y el recuerdo de nuestros seres queridos!<\/p>\n\n\n\n<figure class=\"wp-block-image size-large\"><a href=\"https:\/\/www.acdhh.de\/wp-content\/uploads\/2024\/09\/240913-dia-de-los-muertos-2024-Q.jpg\"><img decoding=\"async\" src=\"https:\/\/www.acdhh.de\/wp-content\/uploads\/2024\/09\/240913-dia-de-los-muertos-2024-Q-1024x1024.jpg\" alt=\"\" class=\"wp-image-2999\"\/><\/a><\/figure>\n","protected":false},"excerpt":{"rendered":"<p>\u00a1La Asociaci\u00f3n celebra sus 15 a\u00f1os compartiendo cultura y tradici\u00f3n! Invitamos a toda la comunidad hispanohablante a unirse a nuestra Fiesta del D\u00eda de Muertos, una hermosa celebraci\u00f3n mexicana llena de color, recuerdos y alegr\u00eda.<\/p>\n<p>Ven a compartir esta tradici\u00f3n con nosotros, disfrutemos juntos de altares, m\u00fasica, comida y mucho m\u00e1s.<\/p>\n<p>\ud83d\udcc5 Fecha: 12-octubre-2024<br \/>\n\ud83d\udccd Lugar: Friesenstr. 19, 90441 N\u00fcrnberg, Sal\u00f3n Parroquial Iglesia de St. Wolfgang<br \/>\n\ud83d\udd50 Hora: 13 -17 h<br \/>\nEntrada 5\u20ac (ni\u00f1os de 0 a 12 a\u00f1os entrada libre)<\/p>\n<p>\u00a1Los esperamos con los brazos abiertos para celebrar la vida y el recuerdo de nuestros seres queridos!<\/p>\n","protected":false},"author":16,"featured_media":2999,"comment_status":"closed","ping_status":"closed","sticky":true,"template":"","format":"standard","meta":{"footnotes":""},"categories":[30,1,31],"tags":[],"_links":{"self":[{"href":"https:\/\/www.acdhh.de\/index.php?rest_route=\/wp\/v2\/posts\/2977"}],"collection":[{"href":"https:\/\/www.acdhh.de\/index.php?rest_route=\/wp\/v2\/posts"}],"about":[{"href":"https:\/\/www.acdhh.de\/index.php?rest_route=\/wp\/v2\/types\/post"}],"author":[{"embeddable":true,"href":"https:\/\/www.acdhh.de\/index.php?rest_route=\/wp\/v2\/users\/16"}],"replies":[{"embeddable":true,"href":"https:\/\/www.acdhh.de\/index.php?rest_route=%2Fwp%2Fv2%2Fcomments&post=2977"}],"version-history":[{"count":15,"href":"https:\/\/www.acdhh.de\/index.php?rest_route=\/wp\/v2\/posts\/2977\/revisions"}],"predecessor-version":[{"id":3015,"href":"https:\/\/www.acdhh.de\/index.php?rest_route=\/wp\/v2\/posts\/2977\/revisions\/3015"}],"wp:featuredmedia":[{"embeddable":true,"href":"https:\/\/www.acdhh.de\/index.php?rest_route=\/wp\/v2\/media\/2999"}],"wp:attachment":[{"href":"https:\/\/www.acdhh.de\/index.php?rest_route=%2Fwp%2Fv2%2Fmedia&parent=2977"}],"wp:term":[{"taxonomy":"category","embeddable":true,"href":"https:\/\/www.acdhh.de\/index.php?rest_route=%2Fwp%2Fv2%2Fcategories&post=2977"},{"taxonomy":"post_tag","embeddable":true,"href":"https:\/\/www.acdhh.de\/index.php?rest_route=%2Fwp%2Fv2%2Ftags&post=2977"}],"curies":[{"name":"wp","href":"https:\/\/api.w.org\/{rel}","templated":true}]}}