{"id":2884,"date":"2024-06-13T11:01:24","date_gmt":"2024-06-13T09:01:24","guid":{"rendered":"https:\/\/www.acdhh.de\/?p=2884"},"modified":"2024-09-07T20:39:18","modified_gmt":"2024-09-07T18:39:18","slug":"se-une-a-nuestro-equipo-alicia-gomez-pastor-como-nueva-profesora-de-la-asociacion-cultural-de-habla-hispana-bienvenida","status":"publish","type":"post","link":"https:\/\/www.acdhh.de\/?p=2884","title":{"rendered":"\u00a1Se une a nuestro equipo \u00abAlicia G\u00f3mez Pastor\u00bb como nueva Profesora de la Asociaci\u00f3n Cultural de Habla Hispana.\u00a0 Bienvenida!"},"content":{"rendered":"\n<p><\/p>\n\n\n<p><em><strong>ACdHH | Noticias<\/strong><\/em><\/p>\n<p>A partir del 27 de abril del 2024 Alicia G\u00f3mez se integr\u00f3 como profesora al equipo de las Asociaci\u00f3n, qui\u00e9n reemplazar\u00e1 a Velina Albrecht-Felix en el \u201cgrupo intermedios\u201d. Ambas profesoras vienen realizando exitosamente la transici\u00f3n del cambio de docente hasta el final del curso de primavera para afianzar la adaptaci\u00f3n de los ni\u00f1os. <br \/>Alicia tiene amplia experiencia como docente de expa\u00f1ol adem\u00e1s de extensas competencias interculturales y multiculturales. Aqu\u00ed una breve rese\u00f1a de su historial acad\u00e9mico y experiencia profesional:<\/p>\n<p><a href=\"https:\/\/www.acdhh.de\/wp-content\/uploads\/2024\/06\/alicia-gomez-c-1.jpg\"> <img loading=\"lazy\" decoding=\"async\" class=\" wp-image-2876 alignleft\" src=\"https:\/\/www.acdhh.de\/wp-content\/uploads\/2024\/06\/alicia-gomez-c-1-238x300.jpg\" alt=\"\" width=\"380\" height=\"479\" srcset=\"https:\/\/www.acdhh.de\/wp-content\/uploads\/2024\/06\/alicia-gomez-c-1-238x300.jpg 238w, https:\/\/www.acdhh.de\/wp-content\/uploads\/2024\/06\/alicia-gomez-c-1-812x1024.jpg 812w, https:\/\/www.acdhh.de\/wp-content\/uploads\/2024\/06\/alicia-gomez-c-1-768x969.jpg 768w, https:\/\/www.acdhh.de\/wp-content\/uploads\/2024\/06\/alicia-gomez-c-1.jpg 1024w\" sizes=\"(max-width: 380px) 100vw, 380px\" \/><\/a><strong><em>Me llamo Alicia G\u00f3mez y soy de Madrid, Espa\u00f1a. <br \/><\/em><\/strong><strong><em>Aunque historiadora de inicio, hace 15 a\u00f1os empec\u00e9 a formarme como profesora de espa\u00f1ol como lengua extranjera realizando diferentes cursos (espa\u00f1ol para inmigrantes, para asi\u00e1ticos, para ni\u00f1os) y desde entonces no he dejado de interesarme por la ense\u00f1anza del espa\u00f1ol.<br \/><\/em><\/strong><strong><em>M\u00e1s tarde, entre 2013 y 2015, realic\u00e9 un M\u00e1ster en Lengua Espa\u00f1ola que me permiti\u00f3 ser profesora a nivel universitario. He impartido cursos muy diferentes a alumnos de diferentes edades: j\u00f3venes voluntarios del Campeonato Mundial de Baloncesto, adolescentes que hacen un curso de verano en Espa\u00f1a, adultos que viven en Espa\u00f1a y aprenden en academias, adolescentes que aprenden espa\u00f1ol como segundo idioma en el colegio o mujeres marroqu\u00edes que casi no hablan espa\u00f1ol. <\/em><\/strong><\/p>\n<p><strong><em>Siempre me han interesado los idiomas y he estudiado desde lenguas muertas (lat\u00edn, jerogl\u00edficos egipcios, sumerio) hasta lenguas asi\u00e1ticas (coreano y japon\u00e9s). Mi inter\u00e9s por el mundo asi\u00e1tico y por la ense\u00f1anza de mi lengua materna me llevaron a vivir y trabajar en China como profesora y, aunque fue una experiencia que nunca olvidar\u00e9, no fue profesionalmente satisfactoria. Tambi\u00e9n he trabajado en Reino Unido en dos colegios completamente diferentes e igualmente desafiantes por distintos motivos. Cada experiencia y cada curso me ha reafirmado en mi pasi\u00f3n por la ense\u00f1anza de mi lengua y de mi cultura y es por eso que me alegra colaborar con la ACdHH en la ense\u00f1anza de nuestra maravillosa lengua.<\/em><\/strong><\/p>\n<p>\u00a1Los miembros de la Asociaci\u00f3n le damos la m\u00e1s cordial bienvenida!.\u00a0 Asimismo deseamos a Velina el mejor de los \u00e9xitos en su desarrollo personal y profesional.<\/p>","protected":false},"excerpt":{"rendered":"<p>A partir del 27 de abril del 2024 Alicia G\u00f3mez se integr\u00f3 al equipo de las Asociaci\u00f3n como profesora. Alicia reemplazar\u00e1 a Velina Albrecht-Felix en el \u201cgrupo intermedios\u201d. Ambas profesoras vienen realizando juntas la transici\u00f3n del cambio de docente hasta el final del curso de primavera para afianzar la adaptaci\u00f3n de los ni\u00f1os.<br \/>\nAlicia tiene amplia experiencia como docente de expa\u00f1ol adem\u00e1s de extensas competencias interculturales y multiculturales. Aqu\u00ed una breve rese\u00f1a de su historial acad\u00e9mico y experiencia profesional:<\/p>\n","protected":false},"author":16,"featured_media":0,"comment_status":"closed","ping_status":"closed","sticky":true,"template":"","format":"standard","meta":{"footnotes":""},"categories":[1],"tags":[],"_links":{"self":[{"href":"https:\/\/www.acdhh.de\/index.php?rest_route=\/wp\/v2\/posts\/2884"}],"collection":[{"href":"https:\/\/www.acdhh.de\/index.php?rest_route=\/wp\/v2\/posts"}],"about":[{"href":"https:\/\/www.acdhh.de\/index.php?rest_route=\/wp\/v2\/types\/post"}],"author":[{"embeddable":true,"href":"https:\/\/www.acdhh.de\/index.php?rest_route=\/wp\/v2\/users\/16"}],"replies":[{"embeddable":true,"href":"https:\/\/www.acdhh.de\/index.php?rest_route=%2Fwp%2Fv2%2Fcomments&post=2884"}],"version-history":[{"count":6,"href":"https:\/\/www.acdhh.de\/index.php?rest_route=\/wp\/v2\/posts\/2884\/revisions"}],"predecessor-version":[{"id":2897,"href":"https:\/\/www.acdhh.de\/index.php?rest_route=\/wp\/v2\/posts\/2884\/revisions\/2897"}],"wp:attachment":[{"href":"https:\/\/www.acdhh.de\/index.php?rest_route=%2Fwp%2Fv2%2Fmedia&parent=2884"}],"wp:term":[{"taxonomy":"category","embeddable":true,"href":"https:\/\/www.acdhh.de\/index.php?rest_route=%2Fwp%2Fv2%2Fcategories&post=2884"},{"taxonomy":"post_tag","embeddable":true,"href":"https:\/\/www.acdhh.de\/index.php?rest_route=%2Fwp%2Fv2%2Ftags&post=2884"}],"curies":[{"name":"wp","href":"https:\/\/api.w.org\/{rel}","templated":true}]}}