{"id":2604,"date":"2024-02-27T01:04:43","date_gmt":"2024-02-26T23:04:43","guid":{"rendered":"https:\/\/www.acdhh.de\/?p=2604"},"modified":"2024-02-27T02:10:23","modified_gmt":"2024-02-27T00:10:23","slug":"bienvenida-luzisabel-martinez-velasco-como-nueva-profesora-de-la-asociacion-cultural-de-habla-hispana","status":"publish","type":"post","link":"https:\/\/www.acdhh.de\/?p=2604","title":{"rendered":"\u00a1Bienvenida \u00abLuzisabel Martinez Velasco\u00bb, como nueva Profesora de la Asociaci\u00f3n Cultural de Habla Hispana!"},"content":{"rendered":"<h6><strong><em>ACdHH | Noticias<\/em><br \/>\n<\/strong><\/h6>\n<p>Para la Asociaci\u00f3n es un gusto anunciar que Luzisabel pasar\u00e1 a formar parte de nuestro equipo, a partir del 02 de marzo del 2024 inicia su adaptaci\u00f3n en el curso de los peques.<\/p>\n<p>Luzisabel tiene dos l\u00edneas principales de inter\u00e9s, por una parte el estudio y su preparaci\u00f3n profesional en la rama de pedagog\u00eda infantil en la FAU Erlangen N\u00fcrnberg y por otra el buen funcionamiento de las relaciones y conexi\u00f3n interpersonal con los ni\u00f1os, padres y colegas de nuestra Asociaci\u00f3n.\u00a0 Pueden conocer su perfil, as\u00ed como sus intereses aqu\u00ed:<\/p>\n<p><em><a href=\"https:\/\/www.acdhh.de\/wp-content\/uploads\/2024\/02\/Luzisabel-color.jpg\"><img loading=\"lazy\" decoding=\"async\" class=\" wp-image-2609 alignleft\" src=\"https:\/\/www.acdhh.de\/wp-content\/uploads\/2024\/02\/Luzisabel-color-225x300.jpg\" alt=\"\" width=\"329\" height=\"439\" srcset=\"https:\/\/www.acdhh.de\/wp-content\/uploads\/2024\/02\/Luzisabel-color-225x300.jpg 225w, https:\/\/www.acdhh.de\/wp-content\/uploads\/2024\/02\/Luzisabel-color.jpg 493w\" sizes=\"(max-width: 329px) 100vw, 329px\" \/><\/a><strong>\u00abMi nombre es Luzisabel Martinez soy colombiana egresada del colegio alem\u00e1n en Bogot\u00e1, durante mi etapa escolar estuve acompa<\/strong><\/em><strong><em>\u00f1<\/em><em>ando y observando a mi madre en su labor como profesora de Kinder y tambi\u00e9n como profesora de primaria. M\u00e1s adelante tuve la oportunidad de ser profesora del grupo de peque<\/em><em>\u00f1<\/em><em>os en un campamento en Bogot\u00e1, donde realizaba diferentes actividades con los peque<\/em><em>\u00f1<\/em><em>os.<br \/>\n<\/em><em>Tengo 26 a<\/em><em>\u00f1<\/em><em>os y actualmente soy estudiante de licenciatura para primaria en la FAU.\u00a0 Como nueva integrante de la ACdHH ser\u00e9 la profesora del grupo de los peque<\/em><em>\u00f1<\/em><em>os, me alegra mucho acompa<\/em><em>\u00f1<\/em><em>arlos y ser un apoyo para la inmersi\u00f3n en el espa<\/em><em>\u00f1<\/em><em>ol para ellos.<br \/>\n<\/em><em>Estoy atenta a escucharles en cualquier inquietud que puedan tener\u00bb.<\/em><\/strong><\/p>\n<p>\u00a1La Junta Directiva le da la m\u00e1s cordial bienvenida!.\u00a0 Esta integraci\u00f3n a la familia de la Asociaci\u00f3n sin duda fortalecer\u00e1 a nuestro equipo.<\/p>\n<p>Luzisabel reemplazar\u00e1 a nuestra querid\u00edsima <em>\u00ab<\/em>Viviana Cort\u00e9s<em>\u00bb<\/em>, a quien despediremos con mucha tristeza a finales del mes de marzo, pero a la vez con mucha alegr\u00eda al saber que su partida contribuir\u00e1 a su desarrollo personal y al logro de sus metas y objetivos profesionales; para quien nuestras puertas quedan abiertas, dese\u00e1ndole el mejor de los \u00e9xitos.<\/p>\n","protected":false},"excerpt":{"rendered":"<p>ACdHH | Noticias<br \/>\nPara la Asociaci\u00f3n es un gusto anunciar que Luzisabel pasar\u00e1 a formar parte de nuestro equipo. A partir del 02 de marzo del 2024 inicia su adaptaci\u00f3n en el curso de los peques.<br \/>\nLuzisabel tiene dos l\u00edneas principales de inter\u00e9s, por una parte el estudio y su preparaci\u00f3n profesional en la rama de pedagog\u00eda infantil en la FAU Erlangen N\u00fcrnberg y por otra el buen funcionamiento de las relaciones y conexi\u00f3n interpersonal con los ni\u00f1os, padres y colegas de nuestra Asociaci\u00f3n.\u00a0 Pueden conocer su perfil, as\u00ed como sus intereses aqu\u00ed:<\/p>\n","protected":false},"author":16,"featured_media":0,"comment_status":"closed","ping_status":"closed","sticky":true,"template":"","format":"standard","meta":{"footnotes":""},"categories":[1],"tags":[],"_links":{"self":[{"href":"https:\/\/www.acdhh.de\/index.php?rest_route=\/wp\/v2\/posts\/2604"}],"collection":[{"href":"https:\/\/www.acdhh.de\/index.php?rest_route=\/wp\/v2\/posts"}],"about":[{"href":"https:\/\/www.acdhh.de\/index.php?rest_route=\/wp\/v2\/types\/post"}],"author":[{"embeddable":true,"href":"https:\/\/www.acdhh.de\/index.php?rest_route=\/wp\/v2\/users\/16"}],"replies":[{"embeddable":true,"href":"https:\/\/www.acdhh.de\/index.php?rest_route=%2Fwp%2Fv2%2Fcomments&post=2604"}],"version-history":[{"count":17,"href":"https:\/\/www.acdhh.de\/index.php?rest_route=\/wp\/v2\/posts\/2604\/revisions"}],"predecessor-version":[{"id":2881,"href":"https:\/\/www.acdhh.de\/index.php?rest_route=\/wp\/v2\/posts\/2604\/revisions\/2881"}],"wp:attachment":[{"href":"https:\/\/www.acdhh.de\/index.php?rest_route=%2Fwp%2Fv2%2Fmedia&parent=2604"}],"wp:term":[{"taxonomy":"category","embeddable":true,"href":"https:\/\/www.acdhh.de\/index.php?rest_route=%2Fwp%2Fv2%2Fcategories&post=2604"},{"taxonomy":"post_tag","embeddable":true,"href":"https:\/\/www.acdhh.de\/index.php?rest_route=%2Fwp%2Fv2%2Ftags&post=2604"}],"curies":[{"name":"wp","href":"https:\/\/api.w.org\/{rel}","templated":true}]}}