{"id":1519,"date":"2019-12-23T23:36:14","date_gmt":"2019-12-23T21:36:14","guid":{"rendered":"http:\/\/www.acdhh.de\/?p=1519"},"modified":"2019-12-24T15:24:21","modified_gmt":"2019-12-24T13:24:21","slug":"wenn-die-muttersprache-nicht-die-sprache-der-mutter-ist","status":"publish","type":"post","link":"https:\/\/www.acdhh.de\/?p=1519","title":{"rendered":"Wenn die Muttersprache nicht die Sprache der Mutter ist"},"content":{"rendered":"\n<p class=\"has-text-align-center\"><em>Por Mar\u00eda Pinto<\/em><\/p>\n\n\n\n<h4 class=\"wp-block-heading\">Estamos hablando de los muchas veces mal llamados inmigrantes de segunda generaci\u00f3n, que en realidad nunca fueron inmigrantes. Nacieron y crecieron en Alemania, hablan perfectamente el idioma y conocen las costumbres alemanas. Para muchos de ellos la dificultad est\u00e1 en mantener la identidad cultural que heredaron de sus padres. Y la clave pasa por el idoma, que no se adquiere ni mucho menos de forma autom\u00e1tica.<br><\/h4>\n\n\n\n<p>\u00abPonte la chaqueta\u00bb,\u00abMir ist nicht kalt\u00bb, \u00abTe vas a enfermar y no vamos a ir al cumplea\u00f1os\u00bb, \u00abOh, Mama\u2026 Aber keine M\u00fctze\u00bb. Este es el d\u00eda a d\u00eda de la mayor\u00eda de las familias de la Asociaci\u00f3n Cultural de Habla Hispana de N\u00fcrnberg. Son familias mixtas con uno de los progenitores alem\u00e1n y el otro de habla hispana, sus hijos han nacido en Alemania y su primera lengua, a pesar de que han o\u00eddo el espa\u00f1ol desde la cuna, es el alem\u00e1n. Y es que el segundo idioma no se adquiere de forma autom\u00e1tica: el peso del entorno es demasiado grande.  Los ni\u00f1os comprenden el espa\u00f1ol, pero prefieren expresarse en el idioma en el que se siente m\u00e1s seguros que es el alem\u00e1n. Para los padres, que han tratado de transmitirles el espa\u00f1ol desde el nacimiento, resulta triste que sus hijos no puedan comunicarse con sus propios abuelos cuando van de vacaciones a su pa\u00eds. Es complicado transmitir a los ni\u00f1os la identidad cultural, si no pueden vivir la cultura de primera mano, si necesitan un traductor.  <br><\/p>\n\n\n\n<p>Hace diez a\u00f1os, un grupo de padres conscientes de est\u00e1 problem\u00e1tica fund\u00f3 en N\u00faremberg la Asociaci\u00f3n Cultura de Habla Hispana. Se trata de una asociaci\u00f3n sin \u00e1nimo de lucro que tiene como objetivo brindar a los ni\u00f1os la oportunidad de aprender el idioma y de tener contacto con otros ni\u00f1os que crecen en un entorno bi-cultural igual que ellos. La iniciativa ha sido todo un \u00e9xito. Cada vez m\u00e1s familias quieren unirse al proyecto y las fiestas anuales de Navidad o del d\u00eda de Muertos organizadas por la asociaci\u00f3n reciben muchos visitantes, no solo hispano hablantes, sino tambi\u00e9n alemanes o de cualquier lugar del mundo, porque la Asociaci\u00f3n pretende ser un lugar abierto y multicultural, tal y como lo son sus hogares. <br><\/p>\n\n\n\n<p>La Asociaci\u00f3n ha recibido desde su fundaci\u00f3n el apoyo log\u00edstico de la Misi\u00f3n Cat\u00f3lica de Habla Hispana de N\u00fcrnberg, que ofrece todos los domingos una misa en espanol en la parroquia St. Wolfgang. \u00abQueremos agradecerles su apoyo desde el inicio\u00bb, dicen las madres y padres de la Asociaci\u00f3n, que tienen claro que la clave del \u00e9xito es el trabajo en equipo y animan a otros inmigrantes a seguir su ejemplo y transmitir activamente su lengua. Despu\u00e9s de diez a\u00f1os,  el mensaje positivo que quieren lanzar entre tantos negativos que se escuchan sobre la inmigraci\u00f3n, es que es posible integrarse completamente en la sociedad alemana sin perder la identidad cultural propia.<\/p>\n","protected":false},"excerpt":{"rendered":"<p>Por Mar\u00eda Pinto Estamos hablando de los muchas veces mal llamados inmigrantes de segunda generaci\u00f3n, que en realidad nunca fueron<\/p>\n","protected":false},"author":1,"featured_media":1552,"comment_status":"closed","ping_status":"closed","sticky":true,"template":"","format":"standard","meta":{"footnotes":""},"categories":[1],"tags":[],"_links":{"self":[{"href":"https:\/\/www.acdhh.de\/index.php?rest_route=\/wp\/v2\/posts\/1519"}],"collection":[{"href":"https:\/\/www.acdhh.de\/index.php?rest_route=\/wp\/v2\/posts"}],"about":[{"href":"https:\/\/www.acdhh.de\/index.php?rest_route=\/wp\/v2\/types\/post"}],"author":[{"embeddable":true,"href":"https:\/\/www.acdhh.de\/index.php?rest_route=\/wp\/v2\/users\/1"}],"replies":[{"embeddable":true,"href":"https:\/\/www.acdhh.de\/index.php?rest_route=%2Fwp%2Fv2%2Fcomments&post=1519"}],"version-history":[{"count":1,"href":"https:\/\/www.acdhh.de\/index.php?rest_route=\/wp\/v2\/posts\/1519\/revisions"}],"predecessor-version":[{"id":1520,"href":"https:\/\/www.acdhh.de\/index.php?rest_route=\/wp\/v2\/posts\/1519\/revisions\/1520"}],"wp:featuredmedia":[{"embeddable":true,"href":"https:\/\/www.acdhh.de\/index.php?rest_route=\/wp\/v2\/media\/1552"}],"wp:attachment":[{"href":"https:\/\/www.acdhh.de\/index.php?rest_route=%2Fwp%2Fv2%2Fmedia&parent=1519"}],"wp:term":[{"taxonomy":"category","embeddable":true,"href":"https:\/\/www.acdhh.de\/index.php?rest_route=%2Fwp%2Fv2%2Fcategories&post=1519"},{"taxonomy":"post_tag","embeddable":true,"href":"https:\/\/www.acdhh.de\/index.php?rest_route=%2Fwp%2Fv2%2Ftags&post=1519"}],"curies":[{"name":"wp","href":"https:\/\/api.w.org\/{rel}","templated":true}]}}